{"id":1203,"date":"2025-03-27T18:54:00","date_gmt":"2025-03-28T00:54:00","guid":{"rendered":"https:\/\/pulsociudadano.network\/?p=1203"},"modified":"2025-03-27T18:54:01","modified_gmt":"2025-03-28T00:54:01","slug":"morena-dice-ser-un-gobierno-humanista-pero-le-da-la-espalda-a-las-madres-buscadoras-xitlalic-ceja-garcia","status":"publish","type":"post","link":"https:\/\/pulsociudadano.network\/index.php\/2025\/03\/27\/morena-dice-ser-un-gobierno-humanista-pero-le-da-la-espalda-a-las-madres-buscadoras-xitlalic-ceja-garcia\/","title":{"rendered":"Morena dice ser un gobierno humanista, pero le da la espalda a las madres buscadoras: Xitlalic Ceja Garc\u00eda"},"content":{"rendered":"\n<ul class=\"wp-block-list\">\n<li>A la 4T no les interesa apoyar a las madres buscadoras, ya que no quieren que se ponga al descubierto las m\u00e1s de 5 mil fosas clandestinas que hay en el pa\u00eds.<\/li>\n<\/ul>\n\n\n\n<p>\u00abMorena dice ser un gobierno humanista, pero le da la espalda a las madres buscadoras, quienes han sido un pilar fundamental en la localizaci\u00f3n de miles de desaparecidos en el pa\u00eds, ante la ineficacia de las autoridades\u00bb, denunci\u00f3 la diputada federal del Partido Revolucionario Institucional (PRI), Xitlalic Ceja Garc\u00eda.<\/p>\n\n\n\n<p>\u00abNo puedes decir llegamos todas, cuando ignoras el sufrimiento de las madres buscadoras y creas simulaciones como el recorrido al Rancho Izaguirre, en Teuchitl\u00e1n, Jalisco para desacreditar su labor\u00bb, expuso.<\/p>\n\n\n\n<p>La tambi\u00e9n presidenta del Organismo Nacional de Mujeres Priistas (ONMPRI), asever\u00f3 que a las autoridades de la 4T no les interesa apoyar a las madres buscadoras, ya que no quieren que se ponga al descubierto las m\u00e1s de 5 mil fosas clandestinas que hay en el pa\u00eds producto de su ineptitud y por sus evidentes v\u00ednculos con los grupos criminales.<\/p>\n\n\n\n<p>Ceja Garc\u00eda lament\u00f3 que al Gobierno Federal no le importa poner fin a los campos de exterminio y de reclutamiento en donde miles de sue\u00f1os quedan truncados y familias destruidas.<\/p>\n\n\n\n<p>Exigi\u00f3 que Teuchitl\u00e1n no debe pasar al olvido, \u00abno se pude ignorar el dolor de madres, padres y hermanos que no encuentran a sus familiares, producto de la violencia exacerbada que se vive en el pa\u00eds\u00bb.<\/p>\n\n\n\n<p>\u00abEl gobierno de la Cuarta Transformaci\u00f3n desvirt\u00faa el horror de lo que sucede en Teuchitl\u00e1n porque no quieren que se sepa lo que ocurre en muchos territorios del pa\u00eds, en donde hay centros de reclutamiento de grupos criminales y fosas clandestinas\u00bb, afirm\u00f3.<\/p>\n\n\n\n<p>La legisladora poblana demand\u00f3 al Gobierno Federal no jugar con el dolor de las madres y padres buscadores y exigi\u00f3 a la presidenta, Claudia Sheinbaum Pardo que los reciba inmediatamente.<\/p>\n\n\n\n<p>\u00abHay que escuchar a las madres a los padres. Ellos est\u00e1n yendo directamente a buscar a sus seres queridos y no los escuchan\u00bb.<\/p>\n\n\n\n<p>Xitlalic Ceja asegur\u00f3 que M\u00e9xico vive la peor crisis de violencia en toda su historia y el Gobierno no tiene ning\u00fan inter\u00e9s en enfrentar a los criminales que le quitan la paz a la poblaci\u00f3n.<\/p>\n\n\n\n<p>\u00abNuestro pa\u00eds se encuentra en la peor crisis de violencia e inseguridad. M\u00e9xico se est\u00e1 convirtiendo en el pa\u00eds con m\u00e1s homicidios y desaparecidos en el mundo\u00bb.<\/p>\n\n\n\n<p>Por \u00faltimo, la congresista tricolor exigi\u00f3 que lo ocurrido en el rancho Izaguirre, en Teuchitl\u00e1n, Jalisco, debe de investigarse hasta las \u00faltimas consecuencias y sancionar a todas las autoridades involucradas que permitieron el derramamiento de sangre de inocentes.<\/p>\n","protected":false},"excerpt":{"rendered":"<p>\u00abMorena dice ser un gobierno humanista, pero le da la espalda a las madres buscadoras, quienes han sido un pilar fundamental en la localizaci\u00f3n de miles de desaparecidos en el pa\u00eds, ante la ineficacia de las autoridades\u00bb, denunci\u00f3 la diputada federal del Partido Revolucionario Institucional (PRI), Xitlalic Ceja Garc\u00eda. \u00abNo puedes decir llegamos todas, cuando [&hellip;]<\/p>\n","protected":false},"author":6,"featured_media":1204,"comment_status":"open","ping_status":"open","sticky":false,"template":"","format":"standard","meta":{"footnotes":""},"categories":[1],"tags":[],"ppma_author":[43],"class_list":["post-1203","post","type-post","status-publish","format-standard","has-post-thumbnail","hentry","category-blog"],"authors":[{"term_id":43,"user_id":6,"is_guest":0,"slug":"staff","display_name":"STAFF","avatar_url":{"url":"https:\/\/pulsociudadano.network\/wp-content\/uploads\/2023\/11\/cropped-301392363_529368922396272_1685931149298827625_n-1.jpg","url2x":"https:\/\/pulsociudadano.network\/wp-content\/uploads\/2023\/11\/cropped-301392363_529368922396272_1685931149298827625_n-1.jpg"},"0":null,"1":"","2":"","3":"","4":"","5":"","6":"","7":"","8":""}],"_links":{"self":[{"href":"https:\/\/pulsociudadano.network\/index.php\/wp-json\/wp\/v2\/posts\/1203","targetHints":{"allow":["GET"]}}],"collection":[{"href":"https:\/\/pulsociudadano.network\/index.php\/wp-json\/wp\/v2\/posts"}],"about":[{"href":"https:\/\/pulsociudadano.network\/index.php\/wp-json\/wp\/v2\/types\/post"}],"author":[{"embeddable":true,"href":"https:\/\/pulsociudadano.network\/index.php\/wp-json\/wp\/v2\/users\/6"}],"replies":[{"embeddable":true,"href":"https:\/\/pulsociudadano.network\/index.php\/wp-json\/wp\/v2\/comments?post=1203"}],"version-history":[{"count":1,"href":"https:\/\/pulsociudadano.network\/index.php\/wp-json\/wp\/v2\/posts\/1203\/revisions"}],"predecessor-version":[{"id":1205,"href":"https:\/\/pulsociudadano.network\/index.php\/wp-json\/wp\/v2\/posts\/1203\/revisions\/1205"}],"wp:featuredmedia":[{"embeddable":true,"href":"https:\/\/pulsociudadano.network\/index.php\/wp-json\/wp\/v2\/media\/1204"}],"wp:attachment":[{"href":"https:\/\/pulsociudadano.network\/index.php\/wp-json\/wp\/v2\/media?parent=1203"}],"wp:term":[{"taxonomy":"category","embeddable":true,"href":"https:\/\/pulsociudadano.network\/index.php\/wp-json\/wp\/v2\/categories?post=1203"},{"taxonomy":"post_tag","embeddable":true,"href":"https:\/\/pulsociudadano.network\/index.php\/wp-json\/wp\/v2\/tags?post=1203"},{"taxonomy":"author","embeddable":true,"href":"https:\/\/pulsociudadano.network\/index.php\/wp-json\/wp\/v2\/ppma_author?post=1203"}],"curies":[{"name":"wp","href":"https:\/\/api.w.org\/{rel}","templated":true}]}}