{"id":1180,"date":"2025-03-13T09:19:11","date_gmt":"2025-03-13T15:19:11","guid":{"rendered":"https:\/\/pulsociudadano.network\/?p=1180"},"modified":"2025-03-13T09:19:11","modified_gmt":"2025-03-13T15:19:11","slug":"miedo","status":"publish","type":"post","link":"https:\/\/pulsociudadano.network\/index.php\/2025\/03\/13\/miedo\/","title":{"rendered":"\u00bfMIEDO?"},"content":{"rendered":"\n<p>En M\u00e9xico, las fosas clandestinas son de terror, en Tamaulipas y en Jalisco. La FGR va a investigar a servidores p\u00fablicos locales de un inmueble que la propia FGR ten\u00eda decomisado a unos minutos de Guadalajara. Mejor que busquen a los perpetradores de los asesinatos. Las madres buscadoras desesperadas por hallar a sus familiares. Un cap\u00edtulo m\u00e1s que confirma la asociaci\u00f3n del gobierno con el narco. Brutal realidad, miedo y temor es el sentimiento compartido. Hay 215 mil desaparecidos. Los encontrados en estos campos de exterminio apenas pintan a la baja la cifra \u00a1Cu\u00e1nto dolor! \u00a1Cu\u00e1nta impotencia!<\/p>\n\n\n\n<p><em>Alito<\/em>&nbsp;Moreno, en un acto arriesgado, sali\u00f3 a declarar que denunciar\u00e1 a los narcopol\u00edticos, como Rocha Moya, Villarreal y Delgado. Pone en riesgo su vida, el peligro de ser agredido o incluso asesinado es real. Los matones no juegan, exterminan.<\/p>\n\n\n\n<p>Las mujeres marcharon el 8 de marzo en defensa de sus derechos, contra la violencia, los feminicidios, las desaparecidas y el derecho a la interrupci\u00f3n legal del embarazo. Asisti\u00f3 la Jefa de Gobierno, Clara Brugada, a \u201ccelebrar\u201d, nadie le ha explicado que se conmemora a las mujeres asesinadas en la lucha por sus derechos. Es un acto para honrarlas, no para celebrar nada. Pero al menos quiere comprometerse y esa es una buena noticia para la ciudad.<\/p>\n\n\n\n<p>Los aranceles se siguen aplicando a los productos que no est\u00e1n en el T-MEC. Claudia Sheinbaum dice que esperar\u00e1 al 2 de abril, su estrategia ha sido exitosa al rehuir las cornadas de frente, pero no es suficiente frente a un Trump enloquecido. La guerra comercial ya se inici\u00f3 con Canad\u00e1 y seguir\u00e1 con la Uni\u00f3n Europea. Los mercados caen dr\u00e1sticamente diariamente. Hoy, los norteamericanos son m\u00e1s pobres al perder sus ahorros en acciones y fondos. El miedo cunde y se espera una posible recesi\u00f3n. Elon Musk, en tanto, hace contratos y negocios espaciales con EU. Trump apoya a Putin por sus inversiones tur\u00edsticas en Rusia.<\/p>\n\n\n\n<p>Lo cierto es que el miedo cunde en el mundo. Trump no tiene dinero y quiere obtenerlo para bajar el d\u00e9ficit de su pa\u00eds. Recortes presupuestales sin medir consecuencias en educaci\u00f3n y servicios p\u00fablicos. Quiz\u00e1 devaluar el d\u00f3lar tambi\u00e9n sea una estrategia para enfrentar la deuda. La realidad es que nadie, a ciencia cierta, sabe lo que pretende Trump. Pero la recesi\u00f3n y la ca\u00edda del crecimiento mundial ya se vislumbran.<\/p>\n\n\n\n<p>Celebra que las tarifas van a lograr la relocalizaci\u00f3n de las empresas, entre otras, las automotrices, en EU. Dif\u00edcil romper cadenas productivas exitosas. M\u00e1s complicado fabricar autos en EU que puedan competir en precio con los mercados europeos, japoneses y chinos.<\/p>\n\n\n\n<p>Aun cuando Trump amenaza y luego se retracta parcialmente, los mercados reaccionan al riesgo, los aranceles rec\u00edprocos y las medidas del 2 de abril pueden generar una guerra comercial, inicio de mayores confrontaciones.<\/p>\n\n\n\n<p>La pretensi\u00f3n de que Canad\u00e1 se convierta en un estado m\u00e1s de EU es intransitable. Estas declaraciones ayudaron al partido liberal canadiense que no estaba a la cabeza. Trudeau lo recoloc\u00f3 con su ataque a las medidas de EU y la denuncia ante la OMC.<\/p>\n\n\n\n<p>As\u00ed que s\u00ed. Vivimos con miedo. Ante los feminicidios, las fosas clandestinas, el empoderamiento del narco, la posible guerra comercial mundial, los embates de Trump y muchas cosas m\u00e1s. Pero seguimos alzando la voz. Y saludamos que el PRI se atreva a entrar en un campo minado de alto riesgo. Otras oposiciones tambi\u00e9n tomar\u00e1n un camino. Aguantar y denunciar es lo que nos queda.<\/p>\n","protected":false},"excerpt":{"rendered":"<p>En M\u00e9xico, las fosas clandestinas son de terror, en Tamaulipas y en Jalisco. La FGR va a investigar a servidores p\u00fablicos locales de un inmueble que la propia FGR ten\u00eda decomisado a unos minutos de Guadalajara. Mejor que busquen a los perpetradores de los asesinatos. Las madres buscadoras desesperadas por hallar a sus familiares. Un [&hellip;]<\/p>\n","protected":false},"author":1,"featured_media":231,"comment_status":"open","ping_status":"open","sticky":false,"template":"","format":"standard","meta":{"footnotes":""},"categories":[1],"tags":[],"ppma_author":[91],"class_list":["post-1180","post","type-post","status-publish","format-standard","has-post-thumbnail","hentry","category-blog"],"authors":[{"term_id":91,"user_id":0,"is_guest":1,"slug":"rosario-guerra","display_name":"Rosario Guerra","avatar_url":{"url":"https:\/\/pulsociudadano.network\/wp-content\/uploads\/2024\/03\/Sin-titulo.png","url2x":"https:\/\/pulsociudadano.network\/wp-content\/uploads\/2024\/03\/Sin-titulo.png"},"0":null,"1":"","2":"","3":"","4":"","5":"","6":"","7":"","8":""}],"_links":{"self":[{"href":"https:\/\/pulsociudadano.network\/index.php\/wp-json\/wp\/v2\/posts\/1180","targetHints":{"allow":["GET"]}}],"collection":[{"href":"https:\/\/pulsociudadano.network\/index.php\/wp-json\/wp\/v2\/posts"}],"about":[{"href":"https:\/\/pulsociudadano.network\/index.php\/wp-json\/wp\/v2\/types\/post"}],"author":[{"embeddable":true,"href":"https:\/\/pulsociudadano.network\/index.php\/wp-json\/wp\/v2\/users\/1"}],"replies":[{"embeddable":true,"href":"https:\/\/pulsociudadano.network\/index.php\/wp-json\/wp\/v2\/comments?post=1180"}],"version-history":[{"count":1,"href":"https:\/\/pulsociudadano.network\/index.php\/wp-json\/wp\/v2\/posts\/1180\/revisions"}],"predecessor-version":[{"id":1181,"href":"https:\/\/pulsociudadano.network\/index.php\/wp-json\/wp\/v2\/posts\/1180\/revisions\/1181"}],"wp:featuredmedia":[{"embeddable":true,"href":"https:\/\/pulsociudadano.network\/index.php\/wp-json\/wp\/v2\/media\/231"}],"wp:attachment":[{"href":"https:\/\/pulsociudadano.network\/index.php\/wp-json\/wp\/v2\/media?parent=1180"}],"wp:term":[{"taxonomy":"category","embeddable":true,"href":"https:\/\/pulsociudadano.network\/index.php\/wp-json\/wp\/v2\/categories?post=1180"},{"taxonomy":"post_tag","embeddable":true,"href":"https:\/\/pulsociudadano.network\/index.php\/wp-json\/wp\/v2\/tags?post=1180"},{"taxonomy":"author","embeddable":true,"href":"https:\/\/pulsociudadano.network\/index.php\/wp-json\/wp\/v2\/ppma_author?post=1180"}],"curies":[{"name":"wp","href":"https:\/\/api.w.org\/{rel}","templated":true}]}}