{"id":1125,"date":"2025-02-20T09:48:09","date_gmt":"2025-02-20T15:48:09","guid":{"rendered":"https:\/\/pulsociudadano.network\/?p=1125"},"modified":"2025-02-20T09:48:10","modified_gmt":"2025-02-20T15:48:10","slug":"el-papa-francisco-y-su-salud-la-iglesia-se-prepara-para-cualquier-situacion","status":"publish","type":"post","link":"https:\/\/pulsociudadano.network\/index.php\/2025\/02\/20\/el-papa-francisco-y-su-salud-la-iglesia-se-prepara-para-cualquier-situacion\/","title":{"rendered":"El Papa Francisco y su salud: La Iglesia se prepara para cualquier situaci\u00f3n"},"content":{"rendered":"\n<p>El Papa Francisco ha estado enfrentando problemas de salud en los \u00faltimos d\u00edas, lo que ha generado preocupaci\u00f3n en la comunidad cat\u00f3lica y en el mundo en general. A pesar de su avanzada edad y sus problemas de salud, el Papa Francisco ha seguido adelante con su trabajo y ha mantenido una actitud positiva.<\/p>\n\n\n\n<p>Sin embargo, la Iglesia Cat\u00f3lica se est\u00e1 preparando para cualquier situaci\u00f3n que pueda surgir en relaci\u00f3n con la salud del Papa. Seg\u00fan fuentes vaticanas, se est\u00e1n tomando medidas para garantizar la continuidad de la Iglesia en caso de que el Papa Francisco no pueda seguir en su cargo.<\/p>\n\n\n\n<p>La Iglesia Cat\u00f3lica tiene un proceso establecido para la sucesi\u00f3n del Papa, que se conoce como el C\u00f3nclave. En este proceso, los cardenales de la Iglesia se re\u00fanen en el Vaticano para elegir a un nuevo Papa.<\/p>\n\n\n\n<p>Seg\u00fan fuentes vaticanas, se est\u00e1n tomando medidas para garantizar que el C\u00f3nclave se pueda llevar a cabo de manera r\u00e1pida y eficiente en caso de que sea necesario. Esto incluye la preparaci\u00f3n de los cardenales y la garant\u00eda de que todos los procesos y protocolos est\u00e9n en lugar.<\/p>\n\n\n\n<p>Seg\u00fan fuentes vaticanas, el Papa Francisco est\u00e1 recibiendo el mejor tratamiento m\u00e9dico posible y se est\u00e1 haciendo todo lo posible para garantizar su salud y bienestar.<\/p>\n\n\n\n<p>A pesar de la incertidumbre que rodea la salud del Papa Francisco, la Iglesia Cat\u00f3lica se est\u00e1 preparando para el futuro. Los l\u00edderes de la Iglesia est\u00e1n trabajando para garantizar la continuidad de la Iglesia y para preparar a los fieles para cualquier situaci\u00f3n que pueda surgir.<\/p>\n\n\n\n<p>Aunque es dif\u00edcil predecir qui\u00e9n podr\u00eda ser el pr\u00f3ximo Papa, hay varios cardenales que se consideran posibles sucesores del Papa Francisco. Algunos de los nombres que se mencionan incluyen:<\/p>\n\n\n\n<ul class=\"wp-block-list\">\n<li>El cardenal Pietro Parolin, Secretario de Estado del Vaticano<\/li>\n\n\n\n<li>El cardenal Luis Antonio Tagle, Prefecto de la Congregaci\u00f3n para la Evangelizaci\u00f3n de los Pueblos<\/li>\n\n\n\n<li>El cardenal Christoph Sch\u00f6nborn, Arzobispo de Viena<\/li>\n\n\n\n<li>El cardenal Marc Ouellet, Prefecto de la Congregaci\u00f3n para los Obispos<\/li>\n<\/ul>\n\n\n\n<p>La sucesi\u00f3n papal es un proceso importante para la Iglesia Cat\u00f3lica, ya que garantiza la continuidad de la Iglesia y la elecci\u00f3n de un nuevo l\u00edder que pueda guiar a la Iglesia en el futuro.<\/p>\n\n\n\n<p>La sucesi\u00f3n papal tambi\u00e9n es un momento de reflexi\u00f3n y oraci\u00f3n para la Iglesia Cat\u00f3lica, ya que se busca la gu\u00eda del Esp\u00edritu Santo para elegir al nuevo Papa.<\/p>\n","protected":false},"excerpt":{"rendered":"<p>El Papa Francisco ha estado enfrentando problemas de salud en los \u00faltimos d\u00edas, lo que ha generado preocupaci\u00f3n en la comunidad cat\u00f3lica y en el mundo en general. A pesar de su avanzada edad y sus problemas de salud, el Papa Francisco ha seguido adelante con su trabajo y ha mantenido una actitud positiva. Sin [&hellip;]<\/p>\n","protected":false},"author":1,"featured_media":1126,"comment_status":"open","ping_status":"open","sticky":false,"template":"","format":"standard","meta":{"footnotes":""},"categories":[1],"tags":[],"ppma_author":[96],"class_list":["post-1125","post","type-post","status-publish","format-standard","has-post-thumbnail","hentry","category-blog"],"authors":[{"term_id":96,"user_id":0,"is_guest":1,"slug":"yanis_r","display_name":"Yanis_R","avatar_url":{"url":"https:\/\/pulsociudadano.network\/wp-content\/uploads\/2024\/11\/WhatsApp-Image-2024-11-28-at-10.58.45.jpeg","url2x":"https:\/\/pulsociudadano.network\/wp-content\/uploads\/2024\/11\/WhatsApp-Image-2024-11-28-at-10.58.45.jpeg"},"0":null,"1":"","2":"","3":"","4":"","5":"","6":"","7":"","8":""}],"_links":{"self":[{"href":"https:\/\/pulsociudadano.network\/index.php\/wp-json\/wp\/v2\/posts\/1125","targetHints":{"allow":["GET"]}}],"collection":[{"href":"https:\/\/pulsociudadano.network\/index.php\/wp-json\/wp\/v2\/posts"}],"about":[{"href":"https:\/\/pulsociudadano.network\/index.php\/wp-json\/wp\/v2\/types\/post"}],"author":[{"embeddable":true,"href":"https:\/\/pulsociudadano.network\/index.php\/wp-json\/wp\/v2\/users\/1"}],"replies":[{"embeddable":true,"href":"https:\/\/pulsociudadano.network\/index.php\/wp-json\/wp\/v2\/comments?post=1125"}],"version-history":[{"count":1,"href":"https:\/\/pulsociudadano.network\/index.php\/wp-json\/wp\/v2\/posts\/1125\/revisions"}],"predecessor-version":[{"id":1127,"href":"https:\/\/pulsociudadano.network\/index.php\/wp-json\/wp\/v2\/posts\/1125\/revisions\/1127"}],"wp:featuredmedia":[{"embeddable":true,"href":"https:\/\/pulsociudadano.network\/index.php\/wp-json\/wp\/v2\/media\/1126"}],"wp:attachment":[{"href":"https:\/\/pulsociudadano.network\/index.php\/wp-json\/wp\/v2\/media?parent=1125"}],"wp:term":[{"taxonomy":"category","embeddable":true,"href":"https:\/\/pulsociudadano.network\/index.php\/wp-json\/wp\/v2\/categories?post=1125"},{"taxonomy":"post_tag","embeddable":true,"href":"https:\/\/pulsociudadano.network\/index.php\/wp-json\/wp\/v2\/tags?post=1125"},{"taxonomy":"author","embeddable":true,"href":"https:\/\/pulsociudadano.network\/index.php\/wp-json\/wp\/v2\/ppma_author?post=1125"}],"curies":[{"name":"wp","href":"https:\/\/api.w.org\/{rel}","templated":true}]}}