{"id":1108,"date":"2025-02-07T14:52:32","date_gmt":"2025-02-07T20:52:32","guid":{"rendered":"https:\/\/pulsociudadano.network\/?p=1108"},"modified":"2025-02-07T14:52:33","modified_gmt":"2025-02-07T20:52:33","slug":"mexico-y-ee-uu-encuentran-un-punto-de-acuerdo-se-pausan-aranceles-por-un-mes-2","status":"publish","type":"post","link":"https:\/\/pulsociudadano.network\/index.php\/2025\/02\/07\/mexico-y-ee-uu-encuentran-un-punto-de-acuerdo-se-pausan-aranceles-por-un-mes-2\/","title":{"rendered":"M\u00e9xico y EE. UU. encuentran un punto de acuerdo: se pausan aranceles por un mes"},"content":{"rendered":"\n<p>La decisi\u00f3n de Donald Trump de imponer aranceles del 25% a M\u00e9xico y Canad\u00e1 gener\u00f3 una gran controversia y preocupaci\u00f3n en ambos pa\u00edses. Sin embargo, tras una conversaci\u00f3n entre Trump y la presidenta mexicana Claudia Sheinbaum, se logr\u00f3 un acuerdo que suspende los aranceles por un mes, hasta el 3 de marzo.<\/p>\n\n\n\n<p>Seg\u00fan expertos, la medida de Trump violaba el Tratado de Libre Comercio de Am\u00e9rica del Norte (T-MEC) y podr\u00eda haber tenido graves consecuencias econ\u00f3micas y sociales. El sector externo en M\u00e9xico representa el 40% del PIB, por lo que el impacto de los aranceles ser\u00eda significativo. Se esperaba que la econom\u00eda mexicana cayera un 1.5% debido a esta medida.<\/p>\n\n\n\n<p>Los acuerdos alcanzados entre Trump y Sheinbaum incluyen:<\/p>\n\n\n\n<ul class=\"wp-block-list\">\n<li>Reforzamiento de la frontera norte: M\u00e9xico reforzar\u00e1 la frontera norte con 10,000 elementos de la Guardia Nacional de forma inmediata, para evitar el tr\u00e1fico de drogas y la migraci\u00f3n irregular.<\/li>\n\n\n\n<li>Colaboraci\u00f3n contra el tr\u00e1fico de armas: Trump colaborar\u00e1 para evitar el tr\u00e1fico de armas de Estados Unidos a M\u00e9xico, lo que podr\u00eda ayudar a reducir la violencia en el pa\u00eds.<\/li>\n\n\n\n<li>Suspensi\u00f3n de aranceles: Los aranceles del 25% impuestos por Trump quedan suspendidos por un mes, lo que da tiempo a ambos pa\u00edses para negociar una soluci\u00f3n m\u00e1s permanente.<\/li>\n\n\n\n<li>Di\u00e1logo y cooperaci\u00f3n: Ambos pa\u00edses acordaron mantener un di\u00e1logo abierto y cooperar en temas como la seguridad, la migraci\u00f3n y el comercio.<\/li>\n<\/ul>\n\n\n\n<p>La presidenta Sheinbaum celebr\u00f3 el logro de pausar los aranceles y refuerza la seguridad en la frontera. \u00abEste acuerdo es un paso importante hacia la normalizaci\u00f3n de las relaciones entre M\u00e9xico y Estados Unidos\u00bb, dijo Sheinbaum.<\/p>\n\n\n\n<p>Sin embargo, fue el Congreso de EE. UU. quien envi\u00f3 una carta a la Casa Blanca para sensibilizar a Donald Trump sobre los problemas que tendr\u00eda EE. UU. y su poblaci\u00f3n si se implementaba la estrategia arancelaria contra M\u00e9xico y Canad\u00e1. La carta destac\u00f3 que los aranceles da\u00f1ar\u00edan la relaci\u00f3n comercial entre EE. UU., M\u00e9xico y Canad\u00e1, y perjudicar\u00edan a los consumidores y trabajadores estadounidenses. Tambi\u00e9n se\u00f1al\u00f3 que la medida era un abuso de poder y que el presidente Trump ten\u00eda herramientas m\u00e1s efectivas para abordar los desaf\u00edos de la migraci\u00f3n y el tr\u00e1fico de drogas.<\/p>\n","protected":false},"excerpt":{"rendered":"<p>La decisi\u00f3n de Donald Trump de imponer aranceles del 25% a M\u00e9xico y Canad\u00e1 gener\u00f3 una gran controversia y preocupaci\u00f3n en ambos pa\u00edses. Sin embargo, tras una conversaci\u00f3n entre Trump y la presidenta mexicana Claudia Sheinbaum, se logr\u00f3 un acuerdo que suspende los aranceles por un mes, hasta el 3 de marzo. Seg\u00fan expertos, la [&hellip;]<\/p>\n","protected":false},"author":6,"featured_media":231,"comment_status":"open","ping_status":"open","sticky":false,"template":"","format":"standard","meta":{"footnotes":""},"categories":[1],"tags":[],"ppma_author":[43],"class_list":["post-1108","post","type-post","status-publish","format-standard","has-post-thumbnail","hentry","category-blog"],"authors":[{"term_id":43,"user_id":6,"is_guest":0,"slug":"staff","display_name":"STAFF","avatar_url":{"url":"https:\/\/pulsociudadano.network\/wp-content\/uploads\/2023\/11\/cropped-301392363_529368922396272_1685931149298827625_n-1.jpg","url2x":"https:\/\/pulsociudadano.network\/wp-content\/uploads\/2023\/11\/cropped-301392363_529368922396272_1685931149298827625_n-1.jpg"},"0":null,"1":"","2":"","3":"","4":"","5":"","6":"","7":"","8":""}],"_links":{"self":[{"href":"https:\/\/pulsociudadano.network\/index.php\/wp-json\/wp\/v2\/posts\/1108","targetHints":{"allow":["GET"]}}],"collection":[{"href":"https:\/\/pulsociudadano.network\/index.php\/wp-json\/wp\/v2\/posts"}],"about":[{"href":"https:\/\/pulsociudadano.network\/index.php\/wp-json\/wp\/v2\/types\/post"}],"author":[{"embeddable":true,"href":"https:\/\/pulsociudadano.network\/index.php\/wp-json\/wp\/v2\/users\/6"}],"replies":[{"embeddable":true,"href":"https:\/\/pulsociudadano.network\/index.php\/wp-json\/wp\/v2\/comments?post=1108"}],"version-history":[{"count":1,"href":"https:\/\/pulsociudadano.network\/index.php\/wp-json\/wp\/v2\/posts\/1108\/revisions"}],"predecessor-version":[{"id":1109,"href":"https:\/\/pulsociudadano.network\/index.php\/wp-json\/wp\/v2\/posts\/1108\/revisions\/1109"}],"wp:featuredmedia":[{"embeddable":true,"href":"https:\/\/pulsociudadano.network\/index.php\/wp-json\/wp\/v2\/media\/231"}],"wp:attachment":[{"href":"https:\/\/pulsociudadano.network\/index.php\/wp-json\/wp\/v2\/media?parent=1108"}],"wp:term":[{"taxonomy":"category","embeddable":true,"href":"https:\/\/pulsociudadano.network\/index.php\/wp-json\/wp\/v2\/categories?post=1108"},{"taxonomy":"post_tag","embeddable":true,"href":"https:\/\/pulsociudadano.network\/index.php\/wp-json\/wp\/v2\/tags?post=1108"},{"taxonomy":"author","embeddable":true,"href":"https:\/\/pulsociudadano.network\/index.php\/wp-json\/wp\/v2\/ppma_author?post=1108"}],"curies":[{"name":"wp","href":"https:\/\/api.w.org\/{rel}","templated":true}]}}