{"id":1102,"date":"2025-02-07T14:32:16","date_gmt":"2025-02-07T20:32:16","guid":{"rendered":"https:\/\/pulsociudadano.network\/?p=1102"},"modified":"2025-02-07T14:32:16","modified_gmt":"2025-02-07T20:32:16","slug":"ale-rojo-de-la-vega-toma-protesta-a-5-nuevos-comites-vecinales-de-seguridad-en-cuauhtemoc","status":"publish","type":"post","link":"https:\/\/pulsociudadano.network\/index.php\/2025\/02\/07\/ale-rojo-de-la-vega-toma-protesta-a-5-nuevos-comites-vecinales-de-seguridad-en-cuauhtemoc\/","title":{"rendered":"ALE ROJO DE LA VEGA TOMA PROTESTA A 5 NUEVOS COMIT\u00c9S VECINALES DE SEGURIDAD EN CUAUHT\u00c9MOC"},"content":{"rendered":"\n<ul class=\"wp-block-list\">\n<li>Con estas nuevas incorporaciones, suman ya 23 comit\u00e9s en la demarcaci\u00f3n.<\/li>\n\n\n\n<li>Vecinas y vecinos recibir\u00e1n capacitaci\u00f3n y trabajar\u00e1n en conjunto con la Alcald\u00eda para mejorar la seguridad en sus colonias.<\/li>\n<\/ul>\n\n\n\n<p>La alcaldesa Alessandra Rojo de la Vega encabez\u00f3 la toma de protesta de cinco nuevos Comit\u00e9s Vecinales de Seguridad en Cuauht\u00e9moc, como parte de la estrategia \u2018Cuauht\u00e9moc Construye Paz\u2019, con la que su gobierno trabaja en equipo con la ciudadan\u00eda para fortalecer la seguridad en la demarcaci\u00f3n.<\/p>\n\n\n\n<p>Con la instalaci\u00f3n de estos comit\u00e9s en Ampliaci\u00f3n Asturias, Tr\u00e1nsito, Vista Alegre, Algar\u00edn y Paulino Navarro, suman ya 23 de los 64 que se proyectan formar durante su gesti\u00f3n.<\/p>\n\n\n\n<p>\u00abMuchas gracias por su participaci\u00f3n en estos comit\u00e9s, que para nosotras es muy importante, porque ustedes tienen el pulso de lo que pasa en sus colonias y con su aportaci\u00f3n y la coordinaci\u00f3n con la Secretar\u00eda de Seguridad Ciudadana, podremos hacer de sus colonias lugares m\u00e1s seguros\u00bb, destac\u00f3 la alcaldesa al dirigirse a vecinas y vecinos.<\/p>\n\n\n\n<p>Cada comit\u00e9 recibir\u00e1 capacitaci\u00f3n en gesti\u00f3n comunitaria, acceso a informaci\u00f3n jur\u00eddica y conocimientos sobre los programas de seguridad de la Alcald\u00eda. Su labor, asegur\u00f3 Rojo de la Vega, es clave para detectar riesgos en las colonias, fomentar la denuncia y fortalecer la red de seguridad vecinal.<\/p>\n\n\n\n<p>En el evento, Ale Rojo de la Vega reiter\u00f3 que su gobierno no solo trabaja en reacci\u00f3n, sino en prevenci\u00f3n del delito. Record\u00f3 que la estrategia \u2018Cuauht\u00e9moc Construye Paz\u2019 tiene como ejes principales recuperar la confianza de la ciudadan\u00eda, prevenir el delito y construir el reloj criminol\u00f3gico de la demarcaci\u00f3n, una herramienta para mapear horarios, tipos de delitos y puntos cr\u00edticos en cada colonia.<\/p>\n\n\n\n<p>\u00abCada comit\u00e9 que se suma es un paso m\u00e1s para cerrarle la puerta a la delincuencia. No les vamos a fallar, estamos comprometidas y comprometidos con recuperar la tranquilidad en la Cuauht\u00e9moc\u00bb, finaliz\u00f3 la mandataria.<\/p>\n\n\n\n<p>El gobierno de la alcaldesa Ale Rojo de la Vega continuar\u00e1 con la instalaci\u00f3n de comit\u00e9s vecinales hasta alcanzar la meta de 64 en toda la demarcaci\u00f3n.<\/p>\n","protected":false},"excerpt":{"rendered":"<p>La alcaldesa Alessandra Rojo de la Vega encabez\u00f3 la toma de protesta de cinco nuevos Comit\u00e9s Vecinales de Seguridad en Cuauht\u00e9moc, como parte de la estrategia \u2018Cuauht\u00e9moc Construye Paz\u2019, con la que su gobierno trabaja en equipo con la ciudadan\u00eda para fortalecer la seguridad en la demarcaci\u00f3n. Con la instalaci\u00f3n de estos comit\u00e9s en Ampliaci\u00f3n [&hellip;]<\/p>\n","protected":false},"author":6,"featured_media":1103,"comment_status":"open","ping_status":"open","sticky":false,"template":"","format":"standard","meta":{"footnotes":""},"categories":[1],"tags":[],"ppma_author":[43],"class_list":["post-1102","post","type-post","status-publish","format-standard","has-post-thumbnail","hentry","category-blog"],"authors":[{"term_id":43,"user_id":6,"is_guest":0,"slug":"staff","display_name":"STAFF","avatar_url":{"url":"https:\/\/pulsociudadano.network\/wp-content\/uploads\/2023\/11\/cropped-301392363_529368922396272_1685931149298827625_n-1.jpg","url2x":"https:\/\/pulsociudadano.network\/wp-content\/uploads\/2023\/11\/cropped-301392363_529368922396272_1685931149298827625_n-1.jpg"},"0":null,"1":"","2":"","3":"","4":"","5":"","6":"","7":"","8":""}],"_links":{"self":[{"href":"https:\/\/pulsociudadano.network\/index.php\/wp-json\/wp\/v2\/posts\/1102","targetHints":{"allow":["GET"]}}],"collection":[{"href":"https:\/\/pulsociudadano.network\/index.php\/wp-json\/wp\/v2\/posts"}],"about":[{"href":"https:\/\/pulsociudadano.network\/index.php\/wp-json\/wp\/v2\/types\/post"}],"author":[{"embeddable":true,"href":"https:\/\/pulsociudadano.network\/index.php\/wp-json\/wp\/v2\/users\/6"}],"replies":[{"embeddable":true,"href":"https:\/\/pulsociudadano.network\/index.php\/wp-json\/wp\/v2\/comments?post=1102"}],"version-history":[{"count":1,"href":"https:\/\/pulsociudadano.network\/index.php\/wp-json\/wp\/v2\/posts\/1102\/revisions"}],"predecessor-version":[{"id":1104,"href":"https:\/\/pulsociudadano.network\/index.php\/wp-json\/wp\/v2\/posts\/1102\/revisions\/1104"}],"wp:featuredmedia":[{"embeddable":true,"href":"https:\/\/pulsociudadano.network\/index.php\/wp-json\/wp\/v2\/media\/1103"}],"wp:attachment":[{"href":"https:\/\/pulsociudadano.network\/index.php\/wp-json\/wp\/v2\/media?parent=1102"}],"wp:term":[{"taxonomy":"category","embeddable":true,"href":"https:\/\/pulsociudadano.network\/index.php\/wp-json\/wp\/v2\/categories?post=1102"},{"taxonomy":"post_tag","embeddable":true,"href":"https:\/\/pulsociudadano.network\/index.php\/wp-json\/wp\/v2\/tags?post=1102"},{"taxonomy":"author","embeddable":true,"href":"https:\/\/pulsociudadano.network\/index.php\/wp-json\/wp\/v2\/ppma_author?post=1102"}],"curies":[{"name":"wp","href":"https:\/\/api.w.org\/{rel}","templated":true}]}}