{"id":1078,"date":"2025-02-04T12:08:40","date_gmt":"2025-02-04T18:08:40","guid":{"rendered":"https:\/\/pulsociudadano.network\/?p=1078"},"modified":"2025-02-04T12:08:41","modified_gmt":"2025-02-04T18:08:41","slug":"ale-rojo-de-la-vega-reinstala-comite-de-salud-y-consejo-para-atencion-de-adicciones-y-salud-mental","status":"publish","type":"post","link":"https:\/\/pulsociudadano.network\/index.php\/2025\/02\/04\/ale-rojo-de-la-vega-reinstala-comite-de-salud-y-consejo-para-atencion-de-adicciones-y-salud-mental\/","title":{"rendered":"ALE ROJO DE LA VEGA REINSTALA COMIT\u00c9 DE SALUD Y CONSEJO PARA ATENCI\u00d3N DE ADICCIONES Y SALUD MENTAL"},"content":{"rendered":"\n<ul class=\"wp-block-list\">\n<li>La Alcald\u00eda Cuauht\u00e9moc coordina esfuerzos con instancias de salud p\u00fablica, organismos internacionales y organizaciones especializadas.<\/li>\n\n\n\n<li>El objetivo es fortalecer la prevenci\u00f3n y tratamiento de adicciones, as\u00ed como mejorar la respuesta ante emergencias sanitarias.<\/li>\n<\/ul>\n\n\n\n<p>La alcaldesa Alessandra Rojo de la Vega encabez\u00f3 la reinstalaci\u00f3n del Comit\u00e9 de Salud y el Consejo para la Atenci\u00f3n Integral del Consumo de Sustancias Psicoactivas y Salud Mental, con el prop\u00f3sito de marcar la ruta para atender una de las problem\u00e1ticas m\u00e1s urgentes de la demarcaci\u00f3n: la salud p\u00fablica y el impacto del consumo de sustancias psicoactivas.<\/p>\n\n\n\n<p>\u00abEn el tema de la salud no hay intereses partidistas ni pol\u00edticos, aqu\u00ed todas y todos debemos ir en una misma direcci\u00f3n. En Cuauht\u00e9moc, nuestra prioridad es atender a quienes m\u00e1s lo necesitan y garantizar que cada persona tenga acceso a la atenci\u00f3n que merece\u201d, se\u00f1al\u00f3 la alcaldesa al presidir la sesi\u00f3n.<\/p>\n\n\n\n<p>El Comit\u00e9 contar\u00e1 con la participaci\u00f3n de autoridades de la Jurisdicci\u00f3n Sanitaria, Centros de Salud y Cl\u00ednicas de Especialidad, el Instituto para la Atenci\u00f3n y Prevenci\u00f3n de las Adicciones (IAPA), hospitales de la demarcaci\u00f3n, as\u00ed como organismos internacionales como M\u00e9dicos Sin Fronteras y la Organizaci\u00f3n Internacional para las Migraciones (OIM), adem\u00e1s del IMSS Bienestar.<\/p>\n\n\n\n<p>El plan de acci\u00f3n contempla medidas para prevenir enfermedades, mejorar la atenci\u00f3n m\u00e9dica, fortalecer la capacitaci\u00f3n del personal de salud y desarrollar estrategias de sensibilizaci\u00f3n sobre el consumo de sustancias y la salud mental.<\/p>\n\n\n\n<p>Ale Rojo de la Vega lament\u00f3 que en los \u00faltimos tres a\u00f1os no se llevara a cabo este comit\u00e9. Sin embargo, afirm\u00f3, para su Gobierno es fundamental consolidar una estrategia integral para garantizar servicios de salud dignos, accesibles y de calidad para todas y todos.<br>\u00abSe celebra esto porque muestra el compromiso que tenemos como autoridades con el tema de la salud (\u2026) tenemos que ser ejemplo para el resto de la ciudad, no solo de la ciudad, me atrevo a decir que del pa\u00eds.\u00bb, finaliz\u00f3.<\/p>\n","protected":false},"excerpt":{"rendered":"<p>La alcaldesa Alessandra Rojo de la Vega encabez\u00f3 la reinstalaci\u00f3n del Comit\u00e9 de Salud y el Consejo para la Atenci\u00f3n Integral del Consumo de Sustancias Psicoactivas y Salud Mental, con el prop\u00f3sito de marcar la ruta para atender una de las problem\u00e1ticas m\u00e1s urgentes de la demarcaci\u00f3n: la salud p\u00fablica y el impacto del consumo [&hellip;]<\/p>\n","protected":false},"author":6,"featured_media":1079,"comment_status":"open","ping_status":"open","sticky":false,"template":"","format":"standard","meta":{"footnotes":""},"categories":[1],"tags":[],"ppma_author":[43],"class_list":["post-1078","post","type-post","status-publish","format-standard","has-post-thumbnail","hentry","category-blog"],"authors":[{"term_id":43,"user_id":6,"is_guest":0,"slug":"staff","display_name":"STAFF","avatar_url":{"url":"https:\/\/pulsociudadano.network\/wp-content\/uploads\/2023\/11\/cropped-301392363_529368922396272_1685931149298827625_n-1.jpg","url2x":"https:\/\/pulsociudadano.network\/wp-content\/uploads\/2023\/11\/cropped-301392363_529368922396272_1685931149298827625_n-1.jpg"},"0":null,"1":"","2":"","3":"","4":"","5":"","6":"","7":"","8":""}],"_links":{"self":[{"href":"https:\/\/pulsociudadano.network\/index.php\/wp-json\/wp\/v2\/posts\/1078","targetHints":{"allow":["GET"]}}],"collection":[{"href":"https:\/\/pulsociudadano.network\/index.php\/wp-json\/wp\/v2\/posts"}],"about":[{"href":"https:\/\/pulsociudadano.network\/index.php\/wp-json\/wp\/v2\/types\/post"}],"author":[{"embeddable":true,"href":"https:\/\/pulsociudadano.network\/index.php\/wp-json\/wp\/v2\/users\/6"}],"replies":[{"embeddable":true,"href":"https:\/\/pulsociudadano.network\/index.php\/wp-json\/wp\/v2\/comments?post=1078"}],"version-history":[{"count":1,"href":"https:\/\/pulsociudadano.network\/index.php\/wp-json\/wp\/v2\/posts\/1078\/revisions"}],"predecessor-version":[{"id":1080,"href":"https:\/\/pulsociudadano.network\/index.php\/wp-json\/wp\/v2\/posts\/1078\/revisions\/1080"}],"wp:featuredmedia":[{"embeddable":true,"href":"https:\/\/pulsociudadano.network\/index.php\/wp-json\/wp\/v2\/media\/1079"}],"wp:attachment":[{"href":"https:\/\/pulsociudadano.network\/index.php\/wp-json\/wp\/v2\/media?parent=1078"}],"wp:term":[{"taxonomy":"category","embeddable":true,"href":"https:\/\/pulsociudadano.network\/index.php\/wp-json\/wp\/v2\/categories?post=1078"},{"taxonomy":"post_tag","embeddable":true,"href":"https:\/\/pulsociudadano.network\/index.php\/wp-json\/wp\/v2\/tags?post=1078"},{"taxonomy":"author","embeddable":true,"href":"https:\/\/pulsociudadano.network\/index.php\/wp-json\/wp\/v2\/ppma_author?post=1078"}],"curies":[{"name":"wp","href":"https:\/\/api.w.org\/{rel}","templated":true}]}}